{"id":66,"date":"2022-04-20T23:22:30","date_gmt":"2022-04-20T23:22:30","guid":{"rendered":"https:\/\/biserica-vejle.dk\/?p=66"},"modified":"2023-10-15T23:23:14","modified_gmt":"2023-10-15T23:23:14","slug":"fostul-manager-sportiv-al-clubului-dinamo-premiat-in-danemarca-de-episcopia-europei-de-nord","status":"publish","type":"post","link":"https:\/\/biserica-vejle.dk\/index.php\/2022\/04\/20\/fostul-manager-sportiv-al-clubului-dinamo-premiat-in-danemarca-de-episcopia-europei-de-nord\/","title":{"rendered":"Fostul manager sportiv al clubului Dinamo, premiat \u00een Danemarca de Episcopia Europei de Nord"},"content":{"rendered":"\n<p><strong>Marius Nicolae, fost manager sportiv al clubului Dinamo, a fost distins de Preasfin\u021bitul P\u0103rinte Macarie cu medalia Centrului de tineret al Episcopiei Europei de Nord \u201eSf\u00e2ntul Voievod \u0218tefan cel Mare\u201d.<\/strong><\/p>\n\n\n\n<figure class=\"wp-block-image size-large\"><img loading=\"lazy\" decoding=\"async\" width=\"1024\" height=\"683\" src=\"https:\/\/biserica-vejle.dk\/wp-content\/uploads\/2023\/10\/Fostul-manager-sportiv-al-clubului-Dinamo-premiat-in-Danemarca-de-Episcopia-Europei-de-Nord.jpg-1024x683.webp\" alt=\"\" class=\"wp-image-67\" srcset=\"https:\/\/biserica-vejle.dk\/wp-content\/uploads\/2023\/10\/Fostul-manager-sportiv-al-clubului-Dinamo-premiat-in-Danemarca-de-Episcopia-Europei-de-Nord.jpg-1024x683.webp 1024w, https:\/\/biserica-vejle.dk\/wp-content\/uploads\/2023\/10\/Fostul-manager-sportiv-al-clubului-Dinamo-premiat-in-Danemarca-de-Episcopia-Europei-de-Nord.jpg-300x200.webp 300w, https:\/\/biserica-vejle.dk\/wp-content\/uploads\/2023\/10\/Fostul-manager-sportiv-al-clubului-Dinamo-premiat-in-Danemarca-de-Episcopia-Europei-de-Nord.jpg-768x512.webp 768w, https:\/\/biserica-vejle.dk\/wp-content\/uploads\/2023\/10\/Fostul-manager-sportiv-al-clubului-Dinamo-premiat-in-Danemarca-de-Episcopia-Europei-de-Nord.jpg-1536x1024.webp 1536w, https:\/\/biserica-vejle.dk\/wp-content\/uploads\/2023\/10\/Fostul-manager-sportiv-al-clubului-Dinamo-premiat-in-Danemarca-de-Episcopia-Europei-de-Nord.jpg.webp 1680w\" sizes=\"auto, (max-width: 1024px) 100vw, 1024px\" \/><\/figure>\n\n\n\n<p>Evenimentul a avut loc \u00een Duminica Floriilor la biserica rom\u00e2neasc\u0103 din Vejle, Danemarca.<\/p>\n\n\n\n<p>\u00cen prezent Marius Nicolae este manager sportiv la echipa de fotbal Vejle Boldklub. El a participat la slujb\u0103 \u00eempreun\u0103 cu mai mul\u021bi membri din staff-ul echipei din prima lig\u0103 danez\u0103.<\/p>\n\n\n\n<figure class=\"wp-block-image size-large\"><img loading=\"lazy\" decoding=\"async\" width=\"1024\" height=\"683\" src=\"https:\/\/biserica-vejle.dk\/wp-content\/uploads\/2023\/10\/marius-nicolae-premiat-de-episcopul-macarie-6-1024x683.jpg\" alt=\"\" class=\"wp-image-68\" srcset=\"https:\/\/biserica-vejle.dk\/wp-content\/uploads\/2023\/10\/marius-nicolae-premiat-de-episcopul-macarie-6-1024x683.jpg 1024w, https:\/\/biserica-vejle.dk\/wp-content\/uploads\/2023\/10\/marius-nicolae-premiat-de-episcopul-macarie-6-300x200.jpg 300w, https:\/\/biserica-vejle.dk\/wp-content\/uploads\/2023\/10\/marius-nicolae-premiat-de-episcopul-macarie-6-768x512.jpg 768w, https:\/\/biserica-vejle.dk\/wp-content\/uploads\/2023\/10\/marius-nicolae-premiat-de-episcopul-macarie-6-1536x1024.jpg 1536w, https:\/\/biserica-vejle.dk\/wp-content\/uploads\/2023\/10\/marius-nicolae-premiat-de-episcopul-macarie-6.jpg 1680w\" sizes=\"auto, (max-width: 1024px) 100vw, 1024px\" \/><\/figure>\n\n\n\n<p>La finalul slujbei a avut loc ceremonia \u00een care Episcopul Macarie al Europei de Nord i-a acordat lui Marius Nicolae medalia \u201eSf\u00e2ntul Voievod \u0218tefan cel Mare\u201d.<\/p>\n\n\n\n<p>La r\u00e2ndul s\u0103u, managerul i-a oferit ierarhului un tricou personalizat cu cifra 8 \u0219i o minge de fotbal, ambele cu autografele juc\u0103torilor.<\/p>\n\n\n\n<figure class=\"wp-block-image size-large\"><img loading=\"lazy\" decoding=\"async\" width=\"1024\" height=\"683\" src=\"https:\/\/biserica-vejle.dk\/wp-content\/uploads\/2023\/10\/marius-nicolae-premiat-de-episcopul-macarie-2-1024x683.jpg\" alt=\"\" class=\"wp-image-69\" srcset=\"https:\/\/biserica-vejle.dk\/wp-content\/uploads\/2023\/10\/marius-nicolae-premiat-de-episcopul-macarie-2-1024x683.jpg 1024w, https:\/\/biserica-vejle.dk\/wp-content\/uploads\/2023\/10\/marius-nicolae-premiat-de-episcopul-macarie-2-300x200.jpg 300w, https:\/\/biserica-vejle.dk\/wp-content\/uploads\/2023\/10\/marius-nicolae-premiat-de-episcopul-macarie-2-768x512.jpg 768w, https:\/\/biserica-vejle.dk\/wp-content\/uploads\/2023\/10\/marius-nicolae-premiat-de-episcopul-macarie-2-1536x1024.jpg 1536w, https:\/\/biserica-vejle.dk\/wp-content\/uploads\/2023\/10\/marius-nicolae-premiat-de-episcopul-macarie-2.jpg 1680w\" sizes=\"auto, (max-width: 1024px) 100vw, 1024px\" \/><\/figure>\n","protected":false},"excerpt":{"rendered":"<p>Marius Nicolae, fost manager sportiv al clubului Dinamo, a fost distins de Preasfin\u021bitul P\u0103rinte Macarie cu medalia Centrului de tineret al Episcopiei Europei de Nord \u201eSf\u00e2ntul Voievod \u0218tefan cel Mare\u201d. [&hellip;]<\/p>\n","protected":false},"author":2,"featured_media":68,"comment_status":"open","ping_status":"closed","sticky":false,"template":"","format":"standard","meta":{"footnotes":""},"categories":[3],"tags":[],"class_list":["post-66","post","type-post","status-publish","format-standard","has-post-thumbnail","hentry","category-stiri"],"_links":{"self":[{"href":"https:\/\/biserica-vejle.dk\/index.php\/wp-json\/wp\/v2\/posts\/66","targetHints":{"allow":["GET"]}}],"collection":[{"href":"https:\/\/biserica-vejle.dk\/index.php\/wp-json\/wp\/v2\/posts"}],"about":[{"href":"https:\/\/biserica-vejle.dk\/index.php\/wp-json\/wp\/v2\/types\/post"}],"author":[{"embeddable":true,"href":"https:\/\/biserica-vejle.dk\/index.php\/wp-json\/wp\/v2\/users\/2"}],"replies":[{"embeddable":true,"href":"https:\/\/biserica-vejle.dk\/index.php\/wp-json\/wp\/v2\/comments?post=66"}],"version-history":[{"count":1,"href":"https:\/\/biserica-vejle.dk\/index.php\/wp-json\/wp\/v2\/posts\/66\/revisions"}],"predecessor-version":[{"id":70,"href":"https:\/\/biserica-vejle.dk\/index.php\/wp-json\/wp\/v2\/posts\/66\/revisions\/70"}],"wp:featuredmedia":[{"embeddable":true,"href":"https:\/\/biserica-vejle.dk\/index.php\/wp-json\/wp\/v2\/media\/68"}],"wp:attachment":[{"href":"https:\/\/biserica-vejle.dk\/index.php\/wp-json\/wp\/v2\/media?parent=66"}],"wp:term":[{"taxonomy":"category","embeddable":true,"href":"https:\/\/biserica-vejle.dk\/index.php\/wp-json\/wp\/v2\/categories?post=66"},{"taxonomy":"post_tag","embeddable":true,"href":"https:\/\/biserica-vejle.dk\/index.php\/wp-json\/wp\/v2\/tags?post=66"}],"curies":[{"name":"wp","href":"https:\/\/api.w.org\/{rel}","templated":true}]}}