{"id":45,"date":"2018-10-24T22:44:41","date_gmt":"2018-10-24T22:44:41","guid":{"rendered":"https:\/\/biserica-vejle.dk\/?p=45"},"modified":"2023-10-15T23:13:44","modified_gmt":"2023-10-15T23:13:44","slug":"pr-gheorghe-holbea-le-a-vorbit-romanilor-din-danemarca-despre-legatura-dintre-biserica-si-formarea-poporului-nostru","status":"publish","type":"post","link":"https:\/\/biserica-vejle.dk\/index.php\/2018\/10\/24\/pr-gheorghe-holbea-le-a-vorbit-romanilor-din-danemarca-despre-legatura-dintre-biserica-si-formarea-poporului-nostru\/","title":{"rendered":"Pr. Gheorghe Holbea le-a vorbit rom\u00e2nilor din Danemarca despre leg\u0103tura dintre Biseric\u0103 \u015fi formarea poporului nostru"},"content":{"rendered":"\n<p><strong>Pr. Conf. Gheorghe Holbea de la Facultatea de Teologie Ortodox\u0103 din Bucure\u015fti a sus\u0163inut duminic\u0103, 21.10.2018 o conferin\u0163\u0103 la parohia rom\u00e2neasc\u0103 din Aarhus, Danemarca, \u00een care a prezentat rolul crucial al cre\u015ftinismului la formarea poporului rom\u00e2n.<\/strong><\/p>\n\n\n\n<figure class=\"wp-block-image size-large\"><img loading=\"lazy\" decoding=\"async\" width=\"1024\" height=\"498\" src=\"https:\/\/biserica-vejle.dk\/wp-content\/uploads\/2023\/10\/Conferinta-Ghoerghe-Holbea-Danemarca-si-slujire-PS-Macarie-2-1024x498.jpg\" alt=\"\" class=\"wp-image-46\" srcset=\"https:\/\/biserica-vejle.dk\/wp-content\/uploads\/2023\/10\/Conferinta-Ghoerghe-Holbea-Danemarca-si-slujire-PS-Macarie-2-1024x498.jpg 1024w, https:\/\/biserica-vejle.dk\/wp-content\/uploads\/2023\/10\/Conferinta-Ghoerghe-Holbea-Danemarca-si-slujire-PS-Macarie-2-300x146.jpg 300w, https:\/\/biserica-vejle.dk\/wp-content\/uploads\/2023\/10\/Conferinta-Ghoerghe-Holbea-Danemarca-si-slujire-PS-Macarie-2-768x373.jpg 768w, https:\/\/biserica-vejle.dk\/wp-content\/uploads\/2023\/10\/Conferinta-Ghoerghe-Holbea-Danemarca-si-slujire-PS-Macarie-2-1536x747.jpg 1536w, https:\/\/biserica-vejle.dk\/wp-content\/uploads\/2023\/10\/Conferinta-Ghoerghe-Holbea-Danemarca-si-slujire-PS-Macarie-2-2048x996.jpg 2048w\" sizes=\"auto, (max-width: 1024px) 100vw, 1024px\" \/><\/figure>\n\n\n\n<p>\u201eNu \u0219tim alt caz \u00een care formarea poporului s\u0103 fie \u00eentr-at\u00e2t de legat\u0103 de Biseric\u0103 \u0219i afirm\u0103m acest lucru f\u0103r\u0103 niciun triumfalism, ci cu responsabilitatea mo\u0219tenitorilor fa\u021b\u0103 de tradi\u021bia bogat\u0103 a p\u0103rin\u021bilor\u201d.<\/p>\n\n\n\n<p>\u201eDe la \u00eenceput, poporul cre\u0219tin al acestor locuri a dat martiri, cuvio\u0219i \u0219i sfin\u021bi ierarhi. Sf\u00e2ntul Mucenic Sava de la Buz\u0103u, Sfin\u021bii Mucenici Epictet \u0219i Astion, Sfin\u021bii Cuvio\u0219i Ioan Casian \u0219i Gherman, Sfin\u021bii Ierarhi ai Tomisului care au participat la primul Sinod Ecumenic sunt doar cele mai cunoscute repere ale unei prezen\u021be cre\u0219tine m\u0103rturisitoare \u0219i luminoase\u201d.<\/p>\n\n\n\n<p>\u201eAceast\u0103 prezen\u021b\u0103 lucr\u0103toare care \u00eencheag\u0103 laolalt\u0103 un neam lipsit de putere militar\u0103 \u0219i politic\u0103 este singura explica\u021bie pentru care el trece nev\u0103t\u0103mat, mai bine de o mie de ani, prin toate \u00eencerc\u0103rile istoriei, r\u0103m\u00e2n\u00e2nd la fel de cre\u0219tin \u0219i, prin urmare, la fel de rom\u00e2n\u201d, a spus Pr. Holbea.<\/p>\n\n\n\n<p>\u00cen deschiderea conferin\u0163ei cu tema \u201eLegea rom\u00e2neasc\u0103, credin\u021ba cre\u0219tin\u0103 \u0219i unitatea de neam\u201d, Pr. Gheorghe Holbea a amintit un citat din opera Mitropolitului Antonie Pl\u0103m\u0103deal\u0103,&nbsp;<a href=\"http:\/\/www.episcopiascandinavia.se\/slujiri-misionare-in-danemarca\/\">informeaz\u0103<\/a>&nbsp;Eparhia Europei de Nord.<\/p>\n\n\n\n<p>\u201ePo\u021bi pleca dintr-o cas\u0103, po\u021bi pleca dintr-o \u021bar\u0103, dar nu po\u021bi pleca din tine \u00eensu\u021bi. Por\u021bi cu tine peste tot \u0219i casa \u0219i \u021bara, a\u0219a cum \u00ee\u021bi por\u021bi \u0219i sufletul \u0219i trupul. Por\u021bi cu tine nostalgii din care se \u021bes f\u0103r\u0103 de \u00eencetare pun\u021bi de dor care te leag\u0103 de satul, de paji\u0219tea \u0219i de p\u0103durea de acas\u0103, de vecini \u0219i de neamuri, de tine \u00eensu\u021bi cel r\u0103mas acas\u0103, \u00een str\u0103mo\u0219i\u2026\u201d.<\/p>\n\n\n\n<p>\u00cen timpul \u00eent\u00e2lnirii, P\u0103rintele Holbea a subliniat c\u0103 \u201enu \u00een organizarea politic\u0103, nu \u00een for\u021ba armatelor, nici \u00een bog\u0103\u021bia comer\u021bului sau a me\u0219te\u0219ugurilor \u00ee\u0219i g\u0103se\u0219te poporul rom\u00e2n seva pentru a nu fi \u00eenghi\u021bit de vicisitudinile istorice\u201d, ci \u201e\u00een Biseric\u0103, \u00een tinda m\u0103n\u0103stirilor, \u00een credin\u021ba Domnului Hristos Cel Mort \u0219i \u00cenviat\u201d.<\/p>\n\n\n\n<p>\u201eAici g\u0103sim taina prin care un popor \u00abinvizibil\u00bb, dac\u0103 istoria este limitat\u0103 doar la cumul de izb\u00e2nde armate, traverseaz\u0103 o perioad\u0103 at\u00e2t de \u00eendelungat\u0103 de fr\u0103m\u00e2nt\u0103ri, p\u0103str\u00e2ndu-\u0219i intacte limba, credin\u021ba, legea str\u0103mo\u0219easc\u0103\u201d, a punctat cadrul didactic de la Facultatea de Teologie Ortodox\u0103 din Bucure\u015fti.<\/p>\n\n\n\n<p>Conferin\u0163a s-a desf\u0103\u015furat cu binecuv\u00e2ntarea \u015fi \u00een prezen\u0163a Preasfin\u0163itului P\u0103rinte Macarie, Episcopul Ortodox Rom\u00e2n al Europei de Nord.<\/p>\n\n\n\n<p>\u00cen prima parte a zilei de duminic\u0103, Preasfin\u0163ia Sa a oficiat Sf\u00e2nta Liturghie \u00een biserica Parohiei din Aarhus, \u00een timpul c\u0103reia l-a instalat protopop \u00een Protopopiatul Iutlanda-Nord pe P\u0103rintele paroh Mihai Radu Cr\u0103ciunescu, urmare a activit\u0103\u0163ii sale deosebite desf\u0103\u015furate printre rom\u00e2nii din zona Aarhus.<\/p>\n\n\n\n<p>Cu o zi mai \u00eenainte, s\u00e2mb\u0103t\u0103, 20 octombrie 2018, ierarhul a oficiat Sf\u00e2nta Liturghie \u00een parohia rom\u00e2neasc\u0103 din Vejle-Kolding \u0219i l-a instalat protopop \u00een Protopopiatul Iutlanda-Centru pe p\u0103rintele Marius-Marcel Coisin.<\/p>\n\n\n\n<p>Dup\u0103 slujb\u0103, un copil al unei familii de rom\u00e2ni a primit Taina Sf\u00e2ntului Botez.<\/p>\n\n\n\n<p>Tot s\u00e2mb\u0103t\u0103, Preasfin\u021bitul P\u0103rinte Macarie a s\u0103v\u00e2r\u0219it Taina Sf\u00e2ntului Maslu \u00een parohia rom\u00e2neasc\u0103 din Esbjerg \u0219i a sfin\u021bit Icoana Maicii Domnului \u2013 Vindec\u0103toarea.<\/p>\n\n\n\n<figure class=\"wp-block-image size-large\"><img loading=\"lazy\" decoding=\"async\" width=\"1024\" height=\"498\" src=\"https:\/\/biserica-vejle.dk\/wp-content\/uploads\/2023\/10\/Conferinta-Ghoerghe-Holbea-Danemarca-si-slujire-PS-Macarie-1-1024x498.jpg\" alt=\"\" class=\"wp-image-47\" srcset=\"https:\/\/biserica-vejle.dk\/wp-content\/uploads\/2023\/10\/Conferinta-Ghoerghe-Holbea-Danemarca-si-slujire-PS-Macarie-1-1024x498.jpg 1024w, https:\/\/biserica-vejle.dk\/wp-content\/uploads\/2023\/10\/Conferinta-Ghoerghe-Holbea-Danemarca-si-slujire-PS-Macarie-1-300x146.jpg 300w, https:\/\/biserica-vejle.dk\/wp-content\/uploads\/2023\/10\/Conferinta-Ghoerghe-Holbea-Danemarca-si-slujire-PS-Macarie-1-768x373.jpg 768w, https:\/\/biserica-vejle.dk\/wp-content\/uploads\/2023\/10\/Conferinta-Ghoerghe-Holbea-Danemarca-si-slujire-PS-Macarie-1-1536x747.jpg 1536w, https:\/\/biserica-vejle.dk\/wp-content\/uploads\/2023\/10\/Conferinta-Ghoerghe-Holbea-Danemarca-si-slujire-PS-Macarie-1-2048x996.jpg 2048w\" sizes=\"auto, (max-width: 1024px) 100vw, 1024px\" \/><\/figure>\n","protected":false},"excerpt":{"rendered":"<p>Pr. Conf. Gheorghe Holbea de la Facultatea de Teologie Ortodox\u0103 din Bucure\u015fti a sus\u0163inut duminic\u0103, 21.10.2018 o conferin\u0163\u0103 la parohia rom\u00e2neasc\u0103 din Aarhus, Danemarca, \u00een care a prezentat rolul crucial [&hellip;]<\/p>\n","protected":false},"author":2,"featured_media":46,"comment_status":"open","ping_status":"closed","sticky":false,"template":"","format":"standard","meta":{"footnotes":""},"categories":[3],"tags":[],"class_list":["post-45","post","type-post","status-publish","format-standard","has-post-thumbnail","hentry","category-stiri"],"_links":{"self":[{"href":"https:\/\/biserica-vejle.dk\/index.php\/wp-json\/wp\/v2\/posts\/45","targetHints":{"allow":["GET"]}}],"collection":[{"href":"https:\/\/biserica-vejle.dk\/index.php\/wp-json\/wp\/v2\/posts"}],"about":[{"href":"https:\/\/biserica-vejle.dk\/index.php\/wp-json\/wp\/v2\/types\/post"}],"author":[{"embeddable":true,"href":"https:\/\/biserica-vejle.dk\/index.php\/wp-json\/wp\/v2\/users\/2"}],"replies":[{"embeddable":true,"href":"https:\/\/biserica-vejle.dk\/index.php\/wp-json\/wp\/v2\/comments?post=45"}],"version-history":[{"count":2,"href":"https:\/\/biserica-vejle.dk\/index.php\/wp-json\/wp\/v2\/posts\/45\/revisions"}],"predecessor-version":[{"id":49,"href":"https:\/\/biserica-vejle.dk\/index.php\/wp-json\/wp\/v2\/posts\/45\/revisions\/49"}],"wp:featuredmedia":[{"embeddable":true,"href":"https:\/\/biserica-vejle.dk\/index.php\/wp-json\/wp\/v2\/media\/46"}],"wp:attachment":[{"href":"https:\/\/biserica-vejle.dk\/index.php\/wp-json\/wp\/v2\/media?parent=45"}],"wp:term":[{"taxonomy":"category","embeddable":true,"href":"https:\/\/biserica-vejle.dk\/index.php\/wp-json\/wp\/v2\/categories?post=45"},{"taxonomy":"post_tag","embeddable":true,"href":"https:\/\/biserica-vejle.dk\/index.php\/wp-json\/wp\/v2\/tags?post=45"}],"curies":[{"name":"wp","href":"https:\/\/api.w.org\/{rel}","templated":true}]}}