{"id":303,"date":"2024-09-30T10:59:27","date_gmt":"2024-09-30T09:59:27","guid":{"rendered":"https:\/\/biserica-vejle.dk\/?p=303"},"modified":"2024-10-01T11:05:40","modified_gmt":"2024-10-01T10:05:40","slug":"calde-multumiri","status":"publish","type":"post","link":"https:\/\/biserica-vejle.dk\/index.php\/2024\/09\/30\/calde-multumiri\/","title":{"rendered":"Calde mul\u021bumiri"},"content":{"rendered":"\n<figure class=\"wp-block-image size-full\"><img loading=\"lazy\" decoding=\"async\" width=\"940\" height=\"788\" src=\"https:\/\/biserica-vejle.dk\/wp-content\/uploads\/2024\/10\/461692245_929452865875574_8445529746344855787_n.jpg\" alt=\"\" class=\"wp-image-304\" srcset=\"https:\/\/biserica-vejle.dk\/wp-content\/uploads\/2024\/10\/461692245_929452865875574_8445529746344855787_n.jpg 940w, https:\/\/biserica-vejle.dk\/wp-content\/uploads\/2024\/10\/461692245_929452865875574_8445529746344855787_n-300x251.jpg 300w, https:\/\/biserica-vejle.dk\/wp-content\/uploads\/2024\/10\/461692245_929452865875574_8445529746344855787_n-768x644.jpg 768w\" sizes=\"auto, (max-width: 940px) 100vw, 940px\" \/><\/figure>\n\n\n\n<p>Cu inimile pline de recuno\u0219tin\u021b\u0103 \u0219i dragoste fr\u0103\u021beasc\u0103, dorim s\u0103 aducem mul\u021bumiri tuturor celor care au fost al\u0103turi de noi \u00een aceste zile binecuv\u00e2ntate, la cea de-a 2-a edi\u021bie a turneului de mini-fotbal \u00eenchinat Sf\u00e2ntului Voievod \u0219i Martir Constantin Br\u00e2ncoveanu \u00een\u0103l\u021b\u00e2nd \u00eempreun\u0103 rug\u0103ciuni \u0219i fapte de milostenie, spre Slava lui Dumnezeu \u0219i spre ajutorul aproapelui nostru:<\/p>\n\n\n\n<p><img loading=\"lazy\" decoding=\"async\" height=\"16\" width=\"16\" alt=\"\u2626\ufe0f\" src=\"https:\/\/static.xx.fbcdn.net\/images\/emoji.php\/v9\/tb1\/1\/16\/2626.png\"> Preafericitului P\u0103rinte Patriarh Daniel, care ne-a binecuv\u00e2ntat pelerinajul cu M\u00e2na Dreapt\u0103 a <a><\/a>Sf\u00e2ntului Nicolae \u00een biserica noastr\u0103, aduc\u00e2nd astfel \u00een mijlocul nostru un izvor de har \u0219i bucurie duhovniceasc\u0103.<\/p>\n\n\n\n<p><img loading=\"lazy\" decoding=\"async\" height=\"16\" width=\"16\" alt=\"\u2626\ufe0f\" src=\"https:\/\/static.xx.fbcdn.net\/images\/emoji.php\/v9\/tb1\/1\/16\/2626.png\"> Preasfin\u021bitului P\u0103rinte Episcop Macarie Dr\u0103goi, a c\u0103rui dragoste p\u0103rinteasc\u0103 \u0219i rug\u0103ciune ne-au c\u0103l\u0103uzit pa\u0219ii \u00een aceste zile, fiind al\u0103turi de noi \u00een lucrarea cea bun\u0103 \u0219i binecuv\u00e2ntat\u0103 a acestui eveniment.<\/p>\n\n\n\n<p><img loading=\"lazy\" decoding=\"async\" height=\"16\" width=\"16\" alt=\"\u2626\ufe0f\" src=\"https:\/\/static.xx.fbcdn.net\/images\/emoji.php\/v9\/tb1\/1\/16\/2626.png\"> P\u0103rintelui Emil Nedelea C\u0103r\u0103mizaru de la biserica <a href=\"https:\/\/www.facebook.com\/sfantulgheorghenou.ro?__cft__[0]=AZXFVuHHZCzFfRNuqI5i9r63WiS-_-qdYZ8JAu23XiPYF6apCx8QzfEWHVCBNKVWuGGXgMdYgcVcD5UjpCZdB5YhEYtojFQtTEBK9x6i4NQzR5U9Q-fCOKeNcVReJPkOqFSbxkkVvs0PdVIrorSz39VCIKrZRhNvTJGxyQF4qsMDx6k9q5Z_2VtHVB05EbKlPEM&amp;__tn__=-]K-R\">Biserica Sfantul Gheorghe Nou, Bucuresti Kilometrul Zero.<\/a> care s-a ostenit s\u0103 aduc\u0103 pentru prima dat\u0103 \u00een Scandinavia M\u00e2na Sf\u00e2ntului Ierarh Nicolae, mijlocitorul nostru \u00eenaintea Tronului Ceresc.<\/p>\n\n\n\n<p><img loading=\"lazy\" decoding=\"async\" height=\"16\" width=\"16\" alt=\"\u2626\ufe0f\" src=\"https:\/\/static.xx.fbcdn.net\/images\/emoji.php\/v9\/tb1\/1\/16\/2626.png\"> Iubi\u021bilor fra\u021bi preo\u021bi, pentru slujirea lor plin\u0103 de rug\u0103ciune \u0219i pentru \u00eent\u0103rirea comuniunii duhovnice\u0219ti.<\/p>\n\n\n\n<p><img loading=\"lazy\" decoding=\"async\" height=\"16\" width=\"16\" alt=\"\ud83c\uddf7\ud83c\uddf4\" src=\"https:\/\/static.xx.fbcdn.net\/images\/emoji.php\/v9\/te5\/1\/16\/1f1f7_1f1f4.png\"> Excelen\u021bei Sale, Domnului Ambasador al Rom\u00e2niei \u00een Danemarca, Anton Niculescu, pentru implicarea \u0219i sprijinul ar\u0103tat, fiind al\u0103turi de noi cu sufletul deschis \u0219i g\u00e2nduri bune.<\/p>\n\n\n\n<p><img loading=\"lazy\" decoding=\"async\" height=\"16\" width=\"16\" alt=\"\u26bd\" src=\"https:\/\/static.xx.fbcdn.net\/images\/emoji.php\/v9\/taf\/1\/16\/26bd.png\"> Domnului Alexandru Tudor, fost arbitru interna\u021bional, pentru prezen\u021ba sa deosebit\u0103 \u0219i pentru c\u0103 a arbitrat meciurile mini-turneului nostru, aduc\u00e2nd o not\u0103 de profesionalism \u0219i corectitudine pe teren.<\/p>\n\n\n\n<p><img loading=\"lazy\" decoding=\"async\" height=\"16\" width=\"16\" alt=\"\ud83c\udfc5\" src=\"https:\/\/static.xx.fbcdn.net\/images\/emoji.php\/v9\/t3d\/1\/16\/1f3c5.png\"> Domnului Marius-Adrian Nicolae, directorul sportiv de la Vejle Boldklub, pentru coordonarea \u0219i sus\u021binerea activit\u0103\u021bilor sportive, contribuind astfel la \u00eent\u0103rirea comuniunii fr\u0103\u021be\u0219ti.<\/p>\n\n\n\n<p><img loading=\"lazy\" decoding=\"async\" height=\"16\" width=\"16\" alt=\"\u2626\ufe0f\" src=\"https:\/\/static.xx.fbcdn.net\/images\/emoji.php\/v9\/tb1\/1\/16\/2626.png\"> Tuturor binef\u0103c\u0103torilor \u0219i sponsorilor, care, prin generozitatea \u0219i dragostea lor, au f\u0103cut posibil\u0103 desf\u0103\u0219urarea acestui eveniment de suflet.<\/p>\n\n\n\n<p><img loading=\"lazy\" decoding=\"async\" height=\"16\" width=\"16\" alt=\"\u2626\ufe0f\" src=\"https:\/\/static.xx.fbcdn.net\/images\/emoji.php\/v9\/tb1\/1\/16\/2626.png\"> Dragilor no\u0219tri voluntari, care, cu d\u0103ruire \u0219i jertf\u0103, au pus um\u0103rul \u0219i au slujit cu drag pentru buna organizare a tuturor activit\u0103\u021bilor.<\/p>\n\n\n\n<p><img loading=\"lazy\" decoding=\"async\" height=\"16\" width=\"16\" alt=\"\ud83d\udc65\" src=\"https:\/\/static.xx.fbcdn.net\/images\/emoji.php\/v9\/t8b\/1\/16\/1f465.png\"> Tuturor participan\u021bilor, at\u00e2t celor care au luat parte la competi\u021biile sportive, c\u00e2t \u0219i celor care au fost prezen\u021bi pentru a sus\u021bine aceast\u0103 lucrare filantropic\u0103.<\/p>\n\n\n\n<p>Ne bucur\u0103m s\u0103 v\u0103 \u00eemp\u0103rt\u0103\u0219im c\u0103, prin mila \u0219i purtarea de grij\u0103 a Domnului, \u00een urma acestui turneu s-au str\u00e2ns 67.000 DKK, bani care vor ajuta la opera\u021bia micu\u021bului David, copila\u0219ul pentru care ne-am unit rug\u0103ciunile \u0219i eforturile. <img loading=\"lazy\" decoding=\"async\" height=\"16\" width=\"16\" alt=\"\ud83d\ude4f\" src=\"https:\/\/static.xx.fbcdn.net\/images\/emoji.php\/v9\/t80\/1\/16\/1f64f.png\"><\/p>\n\n\n\n<p>Cu toate acestea, pentru a putea acoperi toate cheltuielile necesare opera\u021biei, mai avem nevoie de 33.000 DKK. A\u0219adar, cei care pot \u0219i doresc s\u0103 mai contribuie, le mul\u021bumim \u0219i acestora \u0219i rug\u0103m pe bunul Dumnezeu s\u0103 r\u0103splateasca fiecaruia pentru dragoastea lor!<\/p>\n\n\n\n<p>Cu smerenie \u0219i recuno\u0219tin\u021b\u0103,<\/p>\n\n\n\n<p>Pr. Marius-Marcel Coisin<\/p>\n\n\n\n<p>Parohia Vejle-Kolding<\/p>\n\n\n\n<figure class=\"wp-block-image size-full\"><img loading=\"lazy\" decoding=\"async\" width=\"940\" height=\"788\" src=\"https:\/\/biserica-vejle.dk\/wp-content\/uploads\/2024\/10\/461514625_929452892542238_5486814570701297137_n.jpg\" alt=\"\" class=\"wp-image-305\" srcset=\"https:\/\/biserica-vejle.dk\/wp-content\/uploads\/2024\/10\/461514625_929452892542238_5486814570701297137_n.jpg 940w, https:\/\/biserica-vejle.dk\/wp-content\/uploads\/2024\/10\/461514625_929452892542238_5486814570701297137_n-300x251.jpg 300w, https:\/\/biserica-vejle.dk\/wp-content\/uploads\/2024\/10\/461514625_929452892542238_5486814570701297137_n-768x644.jpg 768w\" sizes=\"auto, (max-width: 940px) 100vw, 940px\" \/><\/figure>\n","protected":false},"excerpt":{"rendered":"<p>Cu inimile pline de recuno\u0219tin\u021b\u0103 \u0219i dragoste fr\u0103\u021beasc\u0103, dorim s\u0103 aducem mul\u021bumiri tuturor celor care au fost al\u0103turi de noi \u00een aceste zile binecuv\u00e2ntate, la cea de-a 2-a edi\u021bie a [&hellip;]<\/p>\n","protected":false},"author":3,"featured_media":304,"comment_status":"open","ping_status":"closed","sticky":false,"template":"","format":"standard","meta":{"footnotes":""},"categories":[3],"tags":[],"class_list":["post-303","post","type-post","status-publish","format-standard","has-post-thumbnail","hentry","category-stiri"],"_links":{"self":[{"href":"https:\/\/biserica-vejle.dk\/index.php\/wp-json\/wp\/v2\/posts\/303","targetHints":{"allow":["GET"]}}],"collection":[{"href":"https:\/\/biserica-vejle.dk\/index.php\/wp-json\/wp\/v2\/posts"}],"about":[{"href":"https:\/\/biserica-vejle.dk\/index.php\/wp-json\/wp\/v2\/types\/post"}],"author":[{"embeddable":true,"href":"https:\/\/biserica-vejle.dk\/index.php\/wp-json\/wp\/v2\/users\/3"}],"replies":[{"embeddable":true,"href":"https:\/\/biserica-vejle.dk\/index.php\/wp-json\/wp\/v2\/comments?post=303"}],"version-history":[{"count":1,"href":"https:\/\/biserica-vejle.dk\/index.php\/wp-json\/wp\/v2\/posts\/303\/revisions"}],"predecessor-version":[{"id":306,"href":"https:\/\/biserica-vejle.dk\/index.php\/wp-json\/wp\/v2\/posts\/303\/revisions\/306"}],"wp:featuredmedia":[{"embeddable":true,"href":"https:\/\/biserica-vejle.dk\/index.php\/wp-json\/wp\/v2\/media\/304"}],"wp:attachment":[{"href":"https:\/\/biserica-vejle.dk\/index.php\/wp-json\/wp\/v2\/media?parent=303"}],"wp:term":[{"taxonomy":"category","embeddable":true,"href":"https:\/\/biserica-vejle.dk\/index.php\/wp-json\/wp\/v2\/categories?post=303"},{"taxonomy":"post_tag","embeddable":true,"href":"https:\/\/biserica-vejle.dk\/index.php\/wp-json\/wp\/v2\/tags?post=303"}],"curies":[{"name":"wp","href":"https:\/\/api.w.org\/{rel}","templated":true}]}}