{"id":248,"date":"2023-12-07T11:19:34","date_gmt":"2023-12-07T10:19:34","guid":{"rendered":"http:\/\/biserica-vejle.dk\/?p=248"},"modified":"2023-12-07T11:20:02","modified_gmt":"2023-12-07T10:20:02","slug":"invitatie-la-impodobire-bradului-de-craciun","status":"publish","type":"post","link":"https:\/\/biserica-vejle.dk\/index.php\/2023\/12\/07\/invitatie-la-impodobire-bradului-de-craciun\/","title":{"rendered":"Invita\u021bie la \u00eempodobirea bradului de Cr\u0103ciun"},"content":{"rendered":"\n<p>Iubi\u021bi credincio\u0219i,<\/p>\n\n\n\n<p>Duminic\u0103,10.12.2023, dup\u0103 Sf\u00e2nta Liturghie, dorim s\u0103 invit\u0103m pe fr\u0103\u021biile voastre, \u00een special copila\u0219ii, s\u0103 \u00eempodobim \u0219i s\u0103 decor\u0103m bradul de Cr\u0103ciun ce \u00eel vom avea anul acesta \u00een biserica noastr\u0103.<\/p>\n\n\n\n<p>Am dori ca fiecare copila\u0219 s\u0103 aduc\u0103 c\u00e2te un globule\u021b sau un alt articol de ornamentat care s\u0103 \u00eel pun\u0103 \u00een br\u0103du\u021b, aduc\u00e2nd prin aceasta un mic aport la \u00eenfrumuse\u021barea ce o va primi bradul.<\/p>\n\n\n\n<p><a><\/a>Totodat\u0103, \u00een tot acest timp vom c\u00e2nta \u0219i colinde tradi\u021bionale dorind ca to\u021bi cei prezen\u021bi, s\u0103 avem parte de o zi frumoas\u0103 \u0219i c\u00e2t mai aproape de sufletul nostru.<\/p>\n\n\n\n<p>V\u0103 a\u0219tept\u0103m cu drag la sf\u00e2nta biseric\u0103.<\/p>\n\n\n\n<p>Cu drag \u0219i plec\u0103ciune,<\/p>\n\n\n\n<p>Pr. Marius Marcel Coisin<\/p>\n\n\n\n<figure class=\"wp-block-image size-large\"><img decoding=\"async\" src=\"https:\/\/scontent-cph2-1.xx.fbcdn.net\/v\/t39.30808-6\/409015965_1807828706324596_3856654365646015842_n.jpg?_nc_cat=111&amp;ccb=1-7&amp;_nc_sid=3635dc&amp;_nc_ohc=sJNd2i6p4v8AX97-GDp&amp;_nc_ht=scontent-cph2-1.xx&amp;oh=00_AfA2l1DKiDeCs5uLkI94CTBKA8z3KUqNmJJuCClDdy-qeA&amp;oe=65764E4C\" alt=\"\"\/><\/figure>\n","protected":false},"excerpt":{"rendered":"<p>Iubi\u021bi credincio\u0219i, Duminic\u0103,10.12.2023, dup\u0103 Sf\u00e2nta Liturghie, dorim s\u0103 invit\u0103m pe fr\u0103\u021biile voastre, \u00een special copila\u0219ii, s\u0103 \u00eempodobim \u0219i s\u0103 decor\u0103m bradul de Cr\u0103ciun ce \u00eel vom avea anul acesta \u00een [&hellip;]<\/p>\n","protected":false},"author":2,"featured_media":249,"comment_status":"open","ping_status":"closed","sticky":false,"template":"","format":"standard","meta":{"footnotes":""},"categories":[3],"tags":[],"class_list":["post-248","post","type-post","status-publish","format-standard","has-post-thumbnail","hentry","category-stiri"],"_links":{"self":[{"href":"https:\/\/biserica-vejle.dk\/index.php\/wp-json\/wp\/v2\/posts\/248","targetHints":{"allow":["GET"]}}],"collection":[{"href":"https:\/\/biserica-vejle.dk\/index.php\/wp-json\/wp\/v2\/posts"}],"about":[{"href":"https:\/\/biserica-vejle.dk\/index.php\/wp-json\/wp\/v2\/types\/post"}],"author":[{"embeddable":true,"href":"https:\/\/biserica-vejle.dk\/index.php\/wp-json\/wp\/v2\/users\/2"}],"replies":[{"embeddable":true,"href":"https:\/\/biserica-vejle.dk\/index.php\/wp-json\/wp\/v2\/comments?post=248"}],"version-history":[{"count":2,"href":"https:\/\/biserica-vejle.dk\/index.php\/wp-json\/wp\/v2\/posts\/248\/revisions"}],"predecessor-version":[{"id":251,"href":"https:\/\/biserica-vejle.dk\/index.php\/wp-json\/wp\/v2\/posts\/248\/revisions\/251"}],"wp:featuredmedia":[{"embeddable":true,"href":"https:\/\/biserica-vejle.dk\/index.php\/wp-json\/wp\/v2\/media\/249"}],"wp:attachment":[{"href":"https:\/\/biserica-vejle.dk\/index.php\/wp-json\/wp\/v2\/media?parent=248"}],"wp:term":[{"taxonomy":"category","embeddable":true,"href":"https:\/\/biserica-vejle.dk\/index.php\/wp-json\/wp\/v2\/categories?post=248"},{"taxonomy":"post_tag","embeddable":true,"href":"https:\/\/biserica-vejle.dk\/index.php\/wp-json\/wp\/v2\/tags?post=248"}],"curies":[{"name":"wp","href":"https:\/\/api.w.org\/{rel}","templated":true}]}}