{"id":212,"date":"2023-11-07T16:15:17","date_gmt":"2023-11-07T16:15:17","guid":{"rendered":"https:\/\/biserica-vejle.dk\/?p=212"},"modified":"2023-11-07T20:17:12","modified_gmt":"2023-11-07T20:17:12","slug":"programul-parohiei","status":"publish","type":"post","link":"https:\/\/biserica-vejle.dk\/index.php\/2023\/11\/07\/programul-parohiei\/","title":{"rendered":"Programul Parohiei, 08.11.2023"},"content":{"rendered":"<div class=\"xdj266r x11i5rnm xat24cr x1mh8g0r x1vvkbs x126k92a\">\n<div dir=\"auto\">Iubi\u021bi credincio\u0219i,<\/div>\n<\/div>\n<div class=\"x11i5rnm xat24cr x1mh8g0r x1vvkbs xtlvy1s x126k92a\">\n<div dir=\"auto\">M\u00e2ine, miercuri 8 noiembrie 2023, de S\u0103rb\u0103toarea Soborului Sfin\u021bilor Arhangheli Mihail \u0219i Gavriil \u0219i al tuturor cere\u0219tilor puteri, vom avea urm\u0103torul program:<\/div>\n<div dir=\"auto\">&#8211; ora 08.30, Slujba Utreniei,<\/div>\n<div dir=\"auto\">&#8211; ora, 09.45, Acatistul Sf. Arhangheli Mihail \u0219i Gavriil,<\/div>\n<div dir=\"auto\">&#8211; ora 10.00, Sf\u00e2nta Liturghie,<\/div>\n<div dir=\"auto\">&#8211; ora 11.30, R\u00e2nduiuala Parastasului,<\/div>\n<div dir=\"auto\">&#8211; la final agapa cre\u0219tin\u0103.<\/div>\n<\/div>\n<div class=\"x11i5rnm xat24cr x1mh8g0r x1vvkbs xtlvy1s x126k92a\">\n<div dir=\"auto\">V\u0103 a\u0219tept\u0103m cu drag la sf\u00e2nta biseric\u0103.<\/div>\n<\/div>\n<div class=\"x11i5rnm xat24cr x1mh8g0r x1vvkbs xtlvy1s x126k92a\">\n<div dir=\"auto\">Cu drag \u0219i plec\u0103ciune,<\/div>\n<div dir=\"auto\">Pr. paroh, Marius Marcel Coisin.<\/div>\n<\/div>\n<p><iframe loading=\"lazy\" style=\"border: none; overflow: hidden;\" src=\"https:\/\/www.facebook.com\/plugins\/post.php?href=https%3A%2F%2Fwww.facebook.com%2FBiserica2016%2Fposts%2Fpfbid0ZCrQSEf4c8esQ6vU1zpLvtTKsFvjEWUTmRTh1g5qQA7zMRjJ9RZc5M8szGQEv9qil&amp;show_text=true&amp;width=500\" width=\"500\" height=\"800\" frameborder=\"0\" scrolling=\"no\" allowfullscreen=\"allowfullscreen\"><\/iframe><\/p>\n","protected":false},"excerpt":{"rendered":"<p>Iubi\u021bi credincio\u0219i, M\u00e2ine, miercuri 8 noiembrie 2023, de S\u0103rb\u0103toarea Soborului Sfin\u021bilor Arhangheli Mihail \u0219i Gavriil \u0219i al tuturor cere\u0219tilor puteri, vom avea urm\u0103torul program: &#8211; ora 08.30, Slujba Utreniei, &#8211; [&hellip;]<\/p>\n","protected":false},"author":2,"featured_media":220,"comment_status":"open","ping_status":"closed","sticky":false,"template":"","format":"standard","meta":{"footnotes":""},"categories":[3],"tags":[],"class_list":["post-212","post","type-post","status-publish","format-standard","has-post-thumbnail","hentry","category-stiri"],"_links":{"self":[{"href":"https:\/\/biserica-vejle.dk\/index.php\/wp-json\/wp\/v2\/posts\/212","targetHints":{"allow":["GET"]}}],"collection":[{"href":"https:\/\/biserica-vejle.dk\/index.php\/wp-json\/wp\/v2\/posts"}],"about":[{"href":"https:\/\/biserica-vejle.dk\/index.php\/wp-json\/wp\/v2\/types\/post"}],"author":[{"embeddable":true,"href":"https:\/\/biserica-vejle.dk\/index.php\/wp-json\/wp\/v2\/users\/2"}],"replies":[{"embeddable":true,"href":"https:\/\/biserica-vejle.dk\/index.php\/wp-json\/wp\/v2\/comments?post=212"}],"version-history":[{"count":6,"href":"https:\/\/biserica-vejle.dk\/index.php\/wp-json\/wp\/v2\/posts\/212\/revisions"}],"predecessor-version":[{"id":221,"href":"https:\/\/biserica-vejle.dk\/index.php\/wp-json\/wp\/v2\/posts\/212\/revisions\/221"}],"wp:featuredmedia":[{"embeddable":true,"href":"https:\/\/biserica-vejle.dk\/index.php\/wp-json\/wp\/v2\/media\/220"}],"wp:attachment":[{"href":"https:\/\/biserica-vejle.dk\/index.php\/wp-json\/wp\/v2\/media?parent=212"}],"wp:term":[{"taxonomy":"category","embeddable":true,"href":"https:\/\/biserica-vejle.dk\/index.php\/wp-json\/wp\/v2\/categories?post=212"},{"taxonomy":"post_tag","embeddable":true,"href":"https:\/\/biserica-vejle.dk\/index.php\/wp-json\/wp\/v2\/tags?post=212"}],"curies":[{"name":"wp","href":"https:\/\/api.w.org\/{rel}","templated":true}]}}